{"id":666,"date":"2013-11-27T09:26:20","date_gmt":"2013-11-27T13:26:20","guid":{"rendered":"http:\/\/mestradocomunicacao.draconis.ufms.br\/?p=666"},"modified":"2013-11-28T13:46:44","modified_gmt":"2013-11-28T17:46:44","slug":"defesa-de-dissertacao-de-michelle-rossi","status":"publish","type":"post","link":"https:\/\/ppgcom.ufms.br\/en\/defesa-de-dissertacao-de-michelle-rossi\/","title":{"rendered":"Defesa de Disserta\u00e7\u00e3o de Michelle Rossi"},"content":{"rendered":"<p style=\"text-align: left\">A acad\u00eamica Michelle Rossi\u00a0\u201cFontes como indicadores de qualidade no produto jornal\u00edstico: discurso acerca de mat\u00e9rias\u00a0sobre o conflito na Fazenda Buriti nos jornais O Estado e O Progresso.\u201d<\/p>\n<p>O evento ser\u00e1 no Laborat\u00f3rio de Telejornalismo do Centro de Ci\u00eancias Humanas e Sociais da UFMS, no dia\u00a029 de novembro de 2013, \u00e0s 8 horas.<\/p>\n<p style=\"text-align: center\"><em id=\"__mceDel\"><em id=\"__mceDel\"><em id=\"__mceDel\"><em id=\"__mceDel\"><em id=\"__mceDel\"><em id=\"__mceDel\"><em id=\"__mceDel\"><a href=\"http:\/\/mestradocomunicacao.draconis.ufms.br\/wp-content\/blogs.dir\/58\/files\/2013\/11\/Sem-t\u00edtulo.png\"><img decoding=\"async\" class=\"aligncenter size-medium wp-image-667\" alt=\"Sem t\u00edtulo\" src=\"http:\/\/mestradocomunicacao.draconis.ufms.br\/wp-content\/blogs.dir\/58\/files\/2013\/11\/Sem-t\u00edtulo-300x145.png\" width=\"300\" height=\"145\" srcset=\"https:\/\/ppgcom.ufms.br\/files\/2013\/11\/Sem-t\u00edtulo-300x145.png 300w, https:\/\/ppgcom.ufms.br\/files\/2013\/11\/Sem-t\u00edtulo-1024x496.png 1024w, https:\/\/ppgcom.ufms.br\/files\/2013\/11\/Sem-t\u00edtulo.png 1231w\" sizes=\"(max-width: 300px) 100vw, 300px\" \/><\/a>clique na imagem para ampliar<\/em><\/em><\/em><\/em><\/em><\/em><\/em><\/p>\n","protected":false},"excerpt":{"rendered":"<p>A acad\u00eamica Michelle Rossi\u00a0\u201cFontes como indicadores de qualidade no produto jornal\u00edstico: discurso acerca de mat\u00e9rias\u00a0sobre o conflito na Fazenda Buriti nos jornais O Estado e O Progresso.\u201d O evento ser\u00e1 no Laborat\u00f3rio de Telejornalismo do Centro de Ci\u00eancias Humanas e Sociais da UFMS, no dia\u00a029 de novembro de 2013, \u00e0s 8 horas. clique na imagem [&hellip;]<\/p>\n","protected":false},"author":27155,"featured_media":667,"comment_status":"closed","ping_status":"closed","sticky":false,"template":"","format":"standard","meta":{"ngg_post_thumbnail":0,"footnotes":""},"categories":[1],"tags":[],"coauthors":[],"class_list":["post-666","post","type-post","status-publish","format-standard","has-post-thumbnail","hentry","category-noticias"],"_links":{"self":[{"href":"https:\/\/ppgcom.ufms.br\/en\/wp-json\/wp\/v2\/posts\/666","targetHints":{"allow":["GET"]}}],"collection":[{"href":"https:\/\/ppgcom.ufms.br\/en\/wp-json\/wp\/v2\/posts"}],"about":[{"href":"https:\/\/ppgcom.ufms.br\/en\/wp-json\/wp\/v2\/types\/post"}],"author":[{"embeddable":true,"href":"https:\/\/ppgcom.ufms.br\/en\/wp-json\/wp\/v2\/users\/27155"}],"replies":[{"embeddable":true,"href":"https:\/\/ppgcom.ufms.br\/en\/wp-json\/wp\/v2\/comments?post=666"}],"version-history":[{"count":7,"href":"https:\/\/ppgcom.ufms.br\/en\/wp-json\/wp\/v2\/posts\/666\/revisions"}],"predecessor-version":[{"id":680,"href":"https:\/\/ppgcom.ufms.br\/en\/wp-json\/wp\/v2\/posts\/666\/revisions\/680"}],"wp:featuredmedia":[{"embeddable":true,"href":"https:\/\/ppgcom.ufms.br\/en\/wp-json\/wp\/v2\/media\/667"}],"wp:attachment":[{"href":"https:\/\/ppgcom.ufms.br\/en\/wp-json\/wp\/v2\/media?parent=666"}],"wp:term":[{"taxonomy":"category","embeddable":true,"href":"https:\/\/ppgcom.ufms.br\/en\/wp-json\/wp\/v2\/categories?post=666"},{"taxonomy":"post_tag","embeddable":true,"href":"https:\/\/ppgcom.ufms.br\/en\/wp-json\/wp\/v2\/tags?post=666"},{"taxonomy":"author","embeddable":true,"href":"https:\/\/ppgcom.ufms.br\/en\/wp-json\/wp\/v2\/coauthors?post=666"}],"curies":[{"name":"wp","href":"https:\/\/api.w.org\/{rel}","templated":true}]}}