{"id":516,"date":"2013-07-02T14:50:33","date_gmt":"2013-07-02T18:50:33","guid":{"rendered":"http:\/\/mestradocomunicacao.draconis.ufms.br\/?p=516"},"modified":"2018-07-31T10:59:38","modified_gmt":"2018-07-31T14:59:38","slug":"ppgcomufms-promove-cafe-intercom-em-campo-grande","status":"publish","type":"post","link":"https:\/\/ppgcom.ufms.br\/en\/ppgcomufms-promove-cafe-intercom-em-campo-grande\/","title":{"rendered":"PPGCOM\/UFMS promove Caf\u00e9 Intercom em Campo Grande"},"content":{"rendered":"<p>O Programa de P\u00f3s-Gradua\u00e7\u00e3o em Comunica\u00e7\u00e3o da Universidade Federal de Mato Grosso do Sul (PPGCOM\/UFMS) realiza no dia 9 de julho, \u00e0s 19h, o primeiro Caf\u00e9 Intercom de Campo Grande. O evento \u00e9 uma proposta da Sociedade Brasileira de Estudos Interdisciplinares da Comunica\u00e7\u00e3o (Intercom) e tem como objetivo promover encontros culturais para discutir temas atuais da \u00e1rea da Comunica\u00e7\u00e3o e fazer lan\u00e7amentos de livros.<\/p>\n<p>Organizado e promovido em conjunto com livrarias, museus e institui\u00e7\u00f5es culturais, o evento tem uma pauta que atende \u00e0s caracter\u00edsticas e demandas culturais da regi\u00e3o ou cidade na qual \u00e9 realizado, sempre sob o aval da Intercom. Seu p\u00fablico alvo \u00e9 formado por professores, pesquisadores, profissionais e alunos de Comunica\u00e7\u00e3o Social e \u00e1reas afins.<\/p>\n<p>Em Campo Grande, o Caf\u00e9 Intercom ser\u00e1 realizado na Livraria Le Parole (Rua Euclides da Cunha 1126), com apoio do jornal O Estado MS. No evento ser\u00e1 realizado o lan\u00e7amento de alguns livros com participa\u00e7\u00e3o dos professores do PPGCOM e do curso de Jornalismo da UFMS. Entre as obras est\u00e3o \u201cJornalismo Convergente\u201d (com participa\u00e7\u00e3o do professor Gerson Luiz Martins), \u201cGeografias da Comunica\u00e7\u00e3o\u201d (com cap\u00edtulo da professora Daniela Ota) e \u201cImprensa do interior\u201d (com textos dos professores Mario Luiz Fernandes e Marcos Paulo da Silva). Na ocasi\u00e3o tamb\u00e9m haver\u00e1 a apresenta\u00e7\u00e3o para a comunidade campo-grandense da Revista Esferas, publica\u00e7\u00e3o cient\u00edfica produzida pelos programas de p\u00f3s-gradua\u00e7\u00e3o em Comunica\u00e7\u00e3o da UFMS, da Universidade Federal de Goi\u00e1s (UFG), da Universidade Cat\u00f3lica de Bras\u00edlia (UCB) e da Universidade de Bras\u00edlia (UnB).<\/p>\n<p>Uma das finalidades do Caf\u00e9 Intercom em Campo Grande \u00e9 discutir o desenvolvimento das pesquisas e do ensino na \u00e1rea de comunica\u00e7\u00e3o na cidade e no estado. O evento \u00e9 tamb\u00e9m uma oportunidade de debate entre pesquisadores e sociedade sobre temas espec\u00edficos da \u00e1rea de comunica\u00e7\u00e3o, de forma a atender \u00e0s caracter\u00edsticas e demandas culturais da regi\u00e3o.<\/p>\n<p>Informa\u00e7\u00f5es sobre o Caf\u00e9 Intercom no telefone (67) 3345-7548 ou pelo endere\u00e7o eletr\u00f4nico <a href=\"mailto:%20marcos.paulo@ufms.br\">marcos.paulo@ufms.br<\/a>.<\/p>\n<p><b>\u00a0<\/b><b>Servi\u00e7o:<\/b><\/p>\n<p>Caf\u00e9 Intercom Campo Grande<\/p>\n<p>Data: 9 de julho (ter\u00e7a-feira)<br \/>\nHora: 19h<br \/>\nLocal: Livraria Le Parole<br \/>\nEndere\u00e7o: Rua Euclides da Cunha, 1126<\/p>\n<p>Promo\u00e7\u00e3o: Sociedade Brasileira de Estudos Interdisciplinares em Comunica\u00e7\u00e3o (Intercom) e Programa de P\u00f3s-Gradua\u00e7\u00e3o em Comunica\u00e7\u00e3o da UFMS.<\/p>\n","protected":false},"excerpt":{"rendered":"<p>O Programa de P\u00f3s-Gradua\u00e7\u00e3o em Comunica\u00e7\u00e3o da Universidade Federal de Mato Grosso do Sul (PPGCOM\/UFMS) realiza no dia 9 de julho, \u00e0s 19h, o primeiro Caf\u00e9 Intercom de Campo Grande. O evento \u00e9 uma proposta da Sociedade Brasileira de Estudos Interdisciplinares da Comunica\u00e7\u00e3o (Intercom) e tem como objetivo promover encontros culturais para discutir temas atuais [&hellip;]<\/p>\n","protected":false},"author":27155,"featured_media":517,"comment_status":"closed","ping_status":"closed","sticky":false,"template":"","format":"standard","meta":{"ngg_post_thumbnail":0,"footnotes":""},"categories":[1],"tags":[],"coauthors":[],"class_list":["post-516","post","type-post","status-publish","format-standard","has-post-thumbnail","hentry","category-noticias"],"_links":{"self":[{"href":"https:\/\/ppgcom.ufms.br\/en\/wp-json\/wp\/v2\/posts\/516","targetHints":{"allow":["GET"]}}],"collection":[{"href":"https:\/\/ppgcom.ufms.br\/en\/wp-json\/wp\/v2\/posts"}],"about":[{"href":"https:\/\/ppgcom.ufms.br\/en\/wp-json\/wp\/v2\/types\/post"}],"author":[{"embeddable":true,"href":"https:\/\/ppgcom.ufms.br\/en\/wp-json\/wp\/v2\/users\/27155"}],"replies":[{"embeddable":true,"href":"https:\/\/ppgcom.ufms.br\/en\/wp-json\/wp\/v2\/comments?post=516"}],"version-history":[{"count":5,"href":"https:\/\/ppgcom.ufms.br\/en\/wp-json\/wp\/v2\/posts\/516\/revisions"}],"predecessor-version":[{"id":551,"href":"https:\/\/ppgcom.ufms.br\/en\/wp-json\/wp\/v2\/posts\/516\/revisions\/551"}],"wp:featuredmedia":[{"embeddable":true,"href":"https:\/\/ppgcom.ufms.br\/en\/wp-json\/wp\/v2\/media\/517"}],"wp:attachment":[{"href":"https:\/\/ppgcom.ufms.br\/en\/wp-json\/wp\/v2\/media?parent=516"}],"wp:term":[{"taxonomy":"category","embeddable":true,"href":"https:\/\/ppgcom.ufms.br\/en\/wp-json\/wp\/v2\/categories?post=516"},{"taxonomy":"post_tag","embeddable":true,"href":"https:\/\/ppgcom.ufms.br\/en\/wp-json\/wp\/v2\/tags?post=516"},{"taxonomy":"author","embeddable":true,"href":"https:\/\/ppgcom.ufms.br\/en\/wp-json\/wp\/v2\/coauthors?post=516"}],"curies":[{"name":"wp","href":"https:\/\/api.w.org\/{rel}","templated":true}]}}