{"id":5109,"date":"2025-04-11T19:01:51","date_gmt":"2025-04-11T23:01:51","guid":{"rendered":"https:\/\/ppgcom.ufms.br\/?p=5109"},"modified":"2025-04-11T19:11:34","modified_gmt":"2025-04-11T23:11:34","slug":"programa-de-pos-graduacao-em-comunicacao-tem-nova-professora-na-classe-titular","status":"publish","type":"post","link":"https:\/\/ppgcom.ufms.br\/en\/programa-de-pos-graduacao-em-comunicacao-tem-nova-professora-na-classe-titular\/","title":{"rendered":"(Portugu\u00eas do Brasil) Programa de P\u00f3s-Gradua\u00e7\u00e3o em Comunica\u00e7\u00e3o tem nova professora na Classe Titular"},"content":{"rendered":"<p class=\"qtranxs-available-languages-message qtranxs-available-languages-message-en\">Sorry, this entry is only available in <a href=\"https:\/\/ppgcom.ufms.br\/pb\/wp-json\/wp\/v2\/posts\/5109\" class=\"qtranxs-available-language-link qtranxs-available-language-link-pb\" title=\"Portugu\u00eas do Brasil\">Portugu\u00eas do Brasil<\/a>.<\/p>","protected":false},"excerpt":{"rendered":"<p>Sorry, this entry is only available in Portugu\u00eas do Brasil.<\/p>\n","protected":false},"author":1226,"featured_media":5248,"comment_status":"closed","ping_status":"closed","sticky":false,"template":"","format":"standard","meta":{"ngg_post_thumbnail":0,"footnotes":""},"categories":[5,4,1],"tags":[],"coauthors":[],"class_list":["post-5109","post","type-post","status-publish","format-standard","has-post-thumbnail","hentry","category-destaques","category-fotos-imagens","category-noticias"],"_links":{"self":[{"href":"https:\/\/ppgcom.ufms.br\/en\/wp-json\/wp\/v2\/posts\/5109","targetHints":{"allow":["GET"]}}],"collection":[{"href":"https:\/\/ppgcom.ufms.br\/en\/wp-json\/wp\/v2\/posts"}],"about":[{"href":"https:\/\/ppgcom.ufms.br\/en\/wp-json\/wp\/v2\/types\/post"}],"author":[{"embeddable":true,"href":"https:\/\/ppgcom.ufms.br\/en\/wp-json\/wp\/v2\/users\/1226"}],"replies":[{"embeddable":true,"href":"https:\/\/ppgcom.ufms.br\/en\/wp-json\/wp\/v2\/comments?post=5109"}],"version-history":[{"count":11,"href":"https:\/\/ppgcom.ufms.br\/en\/wp-json\/wp\/v2\/posts\/5109\/revisions"}],"predecessor-version":[{"id":5247,"href":"https:\/\/ppgcom.ufms.br\/en\/wp-json\/wp\/v2\/posts\/5109\/revisions\/5247"}],"wp:featuredmedia":[{"embeddable":true,"href":"https:\/\/ppgcom.ufms.br\/en\/wp-json\/wp\/v2\/media\/5248"}],"wp:attachment":[{"href":"https:\/\/ppgcom.ufms.br\/en\/wp-json\/wp\/v2\/media?parent=5109"}],"wp:term":[{"taxonomy":"category","embeddable":true,"href":"https:\/\/ppgcom.ufms.br\/en\/wp-json\/wp\/v2\/categories?post=5109"},{"taxonomy":"post_tag","embeddable":true,"href":"https:\/\/ppgcom.ufms.br\/en\/wp-json\/wp\/v2\/tags?post=5109"},{"taxonomy":"author","embeddable":true,"href":"https:\/\/ppgcom.ufms.br\/en\/wp-json\/wp\/v2\/coauthors?post=5109"}],"curies":[{"name":"wp","href":"https:\/\/api.w.org\/{rel}","templated":true}]}}