{"id":4977,"date":"2024-12-02T08:48:21","date_gmt":"2024-12-02T12:48:21","guid":{"rendered":"https:\/\/ppgcom.ufms.br\/?p=4977"},"modified":"2024-12-19T17:18:31","modified_gmt":"2024-12-19T21:18:31","slug":"pro-reitoria-de-pesquisa-e-pos-graduacao-publica-edital-do-processo-seletivo-para-os-cursos-de-mestrado-e-doutorado-em-comunicacao","status":"publish","type":"post","link":"https:\/\/ppgcom.ufms.br\/en\/pro-reitoria-de-pesquisa-e-pos-graduacao-publica-edital-do-processo-seletivo-para-os-cursos-de-mestrado-e-doutorado-em-comunicacao\/","title":{"rendered":"(Portugu\u00eas do Brasil) Pr\u00f3-Reitoria de Pesquisa e P\u00f3s-Gradua\u00e7\u00e3o publica Edital do Processo Seletivo para os cursos de Mestrado e Doutorado em Comunica\u00e7\u00e3o"},"content":{"rendered":"<p class=\"qtranxs-available-languages-message qtranxs-available-languages-message-en\">Sorry, this entry is only available in <a href=\"https:\/\/ppgcom.ufms.br\/pb\/wp-json\/wp\/v2\/posts\/4977\" class=\"qtranxs-available-language-link qtranxs-available-language-link-pb\" title=\"Portugu\u00eas do Brasil\">Portugu\u00eas do Brasil<\/a>.<\/p>","protected":false},"excerpt":{"rendered":"<p>Sorry, this entry is only available in Portugu\u00eas do Brasil.<\/p>\n","protected":false},"author":1226,"featured_media":4978,"comment_status":"closed","ping_status":"closed","sticky":false,"template":"","format":"standard","meta":{"ngg_post_thumbnail":0,"footnotes":""},"categories":[5,1],"tags":[17,12,14,107,108,40,18,19,13,16],"coauthors":[],"class_list":["post-4977","post","type-post","status-publish","format-standard","has-post-thumbnail","hentry","category-destaques","category-noticias","tag-campo-grande","tag-ciberjornalismo","tag-comunicacao","tag-doutorado","tag-doutorado-em-comunicacao","tag-jornalismo","tag-mato-grosso-do-sul","tag-mestrado","tag-ppgcom-ufms","tag-ufms"],"_links":{"self":[{"href":"https:\/\/ppgcom.ufms.br\/en\/wp-json\/wp\/v2\/posts\/4977","targetHints":{"allow":["GET"]}}],"collection":[{"href":"https:\/\/ppgcom.ufms.br\/en\/wp-json\/wp\/v2\/posts"}],"about":[{"href":"https:\/\/ppgcom.ufms.br\/en\/wp-json\/wp\/v2\/types\/post"}],"author":[{"embeddable":true,"href":"https:\/\/ppgcom.ufms.br\/en\/wp-json\/wp\/v2\/users\/1226"}],"replies":[{"embeddable":true,"href":"https:\/\/ppgcom.ufms.br\/en\/wp-json\/wp\/v2\/comments?post=4977"}],"version-history":[{"count":6,"href":"https:\/\/ppgcom.ufms.br\/en\/wp-json\/wp\/v2\/posts\/4977\/revisions"}],"predecessor-version":[{"id":4986,"href":"https:\/\/ppgcom.ufms.br\/en\/wp-json\/wp\/v2\/posts\/4977\/revisions\/4986"}],"wp:featuredmedia":[{"embeddable":true,"href":"https:\/\/ppgcom.ufms.br\/en\/wp-json\/wp\/v2\/media\/4978"}],"wp:attachment":[{"href":"https:\/\/ppgcom.ufms.br\/en\/wp-json\/wp\/v2\/media?parent=4977"}],"wp:term":[{"taxonomy":"category","embeddable":true,"href":"https:\/\/ppgcom.ufms.br\/en\/wp-json\/wp\/v2\/categories?post=4977"},{"taxonomy":"post_tag","embeddable":true,"href":"https:\/\/ppgcom.ufms.br\/en\/wp-json\/wp\/v2\/tags?post=4977"},{"taxonomy":"author","embeddable":true,"href":"https:\/\/ppgcom.ufms.br\/en\/wp-json\/wp\/v2\/coauthors?post=4977"}],"curies":[{"name":"wp","href":"https:\/\/api.w.org\/{rel}","templated":true}]}}