{"id":4921,"date":"2024-09-03T09:57:42","date_gmt":"2024-09-03T13:57:42","guid":{"rendered":"https:\/\/ppgcom.ufms.br\/?p=4921"},"modified":"2024-09-03T09:58:30","modified_gmt":"2024-09-03T13:58:30","slug":"pesquisador-em-inteligencia-artificial-no-jornalismo-fara-conferencia-de-abertura-da-conferencia-ufms-internacional","status":"publish","type":"post","link":"https:\/\/ppgcom.ufms.br\/en\/pesquisador-em-inteligencia-artificial-no-jornalismo-fara-conferencia-de-abertura-da-conferencia-ufms-internacional\/","title":{"rendered":"(Portugu\u00eas do Brasil) Pesquisador em Intelig\u00eancia Artificial no Jornalismo far\u00e1 palestra de abertura na Confer\u00eancia UFMS Internacional"},"content":{"rendered":"<p class=\"qtranxs-available-languages-message qtranxs-available-languages-message-en\">Sorry, this entry is only available in <a href=\"https:\/\/ppgcom.ufms.br\/pb\/wp-json\/wp\/v2\/posts\/4921\" class=\"qtranxs-available-language-link qtranxs-available-language-link-pb\" title=\"Portugu\u00eas do Brasil\">Portugu\u00eas do Brasil<\/a>.<\/p>","protected":false},"excerpt":{"rendered":"<p>Sorry, this entry is only available in Portugu\u00eas do Brasil.<\/p>\n","protected":false},"author":1226,"featured_media":4922,"comment_status":"closed","ping_status":"closed","sticky":false,"template":"","format":"standard","meta":{"ngg_post_thumbnail":0,"footnotes":""},"categories":[5,1],"tags":[17,52,12,35,14,107,108,40,46,47,18,13,16,49],"coauthors":[],"class_list":["post-4921","post","type-post","status-publish","format-standard","has-post-thumbnail","hentry","category-destaques","category-noticias","tag-campo-grande","tag-cibercultura","tag-ciberjornalismo","tag-cibermeio","tag-comunicacao","tag-doutorado","tag-doutorado-em-comunicacao","tag-jornalismo","tag-jornalismo-digital","tag-jornalismo-online","tag-mato-grosso-do-sul","tag-ppgcom-ufms","tag-ufms","tag-webjornalismo"],"_links":{"self":[{"href":"https:\/\/ppgcom.ufms.br\/en\/wp-json\/wp\/v2\/posts\/4921","targetHints":{"allow":["GET"]}}],"collection":[{"href":"https:\/\/ppgcom.ufms.br\/en\/wp-json\/wp\/v2\/posts"}],"about":[{"href":"https:\/\/ppgcom.ufms.br\/en\/wp-json\/wp\/v2\/types\/post"}],"author":[{"embeddable":true,"href":"https:\/\/ppgcom.ufms.br\/en\/wp-json\/wp\/v2\/users\/1226"}],"replies":[{"embeddable":true,"href":"https:\/\/ppgcom.ufms.br\/en\/wp-json\/wp\/v2\/comments?post=4921"}],"version-history":[{"count":2,"href":"https:\/\/ppgcom.ufms.br\/en\/wp-json\/wp\/v2\/posts\/4921\/revisions"}],"predecessor-version":[{"id":4924,"href":"https:\/\/ppgcom.ufms.br\/en\/wp-json\/wp\/v2\/posts\/4921\/revisions\/4924"}],"wp:featuredmedia":[{"embeddable":true,"href":"https:\/\/ppgcom.ufms.br\/en\/wp-json\/wp\/v2\/media\/4922"}],"wp:attachment":[{"href":"https:\/\/ppgcom.ufms.br\/en\/wp-json\/wp\/v2\/media?parent=4921"}],"wp:term":[{"taxonomy":"category","embeddable":true,"href":"https:\/\/ppgcom.ufms.br\/en\/wp-json\/wp\/v2\/categories?post=4921"},{"taxonomy":"post_tag","embeddable":true,"href":"https:\/\/ppgcom.ufms.br\/en\/wp-json\/wp\/v2\/tags?post=4921"},{"taxonomy":"author","embeddable":true,"href":"https:\/\/ppgcom.ufms.br\/en\/wp-json\/wp\/v2\/coauthors?post=4921"}],"curies":[{"name":"wp","href":"https:\/\/api.w.org\/{rel}","templated":true}]}}