{"id":4730,"date":"2024-03-12T11:35:30","date_gmt":"2024-03-12T15:35:30","guid":{"rendered":"https:\/\/ppgcom.ufms.br\/?p=4730"},"modified":"2024-03-12T11:35:30","modified_gmt":"2024-03-12T15:35:30","slug":"pesquisadora-da-escola-de-comunicacoes-e-artes-da-universidade-de-sao-paulo-realiza-aula-inaugural-no-ppgcom","status":"publish","type":"post","link":"https:\/\/ppgcom.ufms.br\/en\/pesquisadora-da-escola-de-comunicacoes-e-artes-da-universidade-de-sao-paulo-realiza-aula-inaugural-no-ppgcom\/","title":{"rendered":"(Portugu\u00eas do Brasil) Pesquisadora da Escola de Comunica\u00e7\u00f5es e Artes da Universidade de S\u00e3o Paulo realiza Aula Inaugural no PPGCOM"},"content":{"rendered":"<p class=\"qtranxs-available-languages-message qtranxs-available-languages-message-en\">Sorry, this entry is only available in <a href=\"https:\/\/ppgcom.ufms.br\/pb\/wp-json\/wp\/v2\/posts\/4730\" class=\"qtranxs-available-language-link qtranxs-available-language-link-pb\" title=\"Portugu\u00eas do Brasil\">Portugu\u00eas do Brasil<\/a>.<\/p>","protected":false},"excerpt":{"rendered":"<p>Sorry, this entry is only available in Portugu\u00eas do Brasil.<\/p>\n","protected":false},"author":1226,"featured_media":4733,"comment_status":"closed","ping_status":"closed","sticky":false,"template":"","format":"standard","meta":{"ngg_post_thumbnail":0,"footnotes":""},"categories":[5,1],"tags":[17,12,40,46,47,18,19,45,28,58,13,16,30,49],"coauthors":[],"class_list":["post-4730","post","type-post","status-publish","format-standard","has-post-thumbnail","hentry","category-destaques","category-noticias","tag-campo-grande","tag-ciberjornalismo","tag-jornalismo","tag-jornalismo-digital","tag-jornalismo-online","tag-mato-grosso-do-sul","tag-mestrado","tag-online-journalism","tag-pesquisa","tag-pos-graduacao","tag-ppgcom-ufms","tag-ufms","tag-usp","tag-webjornalismo"],"_links":{"self":[{"href":"https:\/\/ppgcom.ufms.br\/en\/wp-json\/wp\/v2\/posts\/4730","targetHints":{"allow":["GET"]}}],"collection":[{"href":"https:\/\/ppgcom.ufms.br\/en\/wp-json\/wp\/v2\/posts"}],"about":[{"href":"https:\/\/ppgcom.ufms.br\/en\/wp-json\/wp\/v2\/types\/post"}],"author":[{"embeddable":true,"href":"https:\/\/ppgcom.ufms.br\/en\/wp-json\/wp\/v2\/users\/1226"}],"replies":[{"embeddable":true,"href":"https:\/\/ppgcom.ufms.br\/en\/wp-json\/wp\/v2\/comments?post=4730"}],"version-history":[{"count":5,"href":"https:\/\/ppgcom.ufms.br\/en\/wp-json\/wp\/v2\/posts\/4730\/revisions"}],"predecessor-version":[{"id":4747,"href":"https:\/\/ppgcom.ufms.br\/en\/wp-json\/wp\/v2\/posts\/4730\/revisions\/4747"}],"wp:featuredmedia":[{"embeddable":true,"href":"https:\/\/ppgcom.ufms.br\/en\/wp-json\/wp\/v2\/media\/4733"}],"wp:attachment":[{"href":"https:\/\/ppgcom.ufms.br\/en\/wp-json\/wp\/v2\/media?parent=4730"}],"wp:term":[{"taxonomy":"category","embeddable":true,"href":"https:\/\/ppgcom.ufms.br\/en\/wp-json\/wp\/v2\/categories?post=4730"},{"taxonomy":"post_tag","embeddable":true,"href":"https:\/\/ppgcom.ufms.br\/en\/wp-json\/wp\/v2\/tags?post=4730"},{"taxonomy":"author","embeddable":true,"href":"https:\/\/ppgcom.ufms.br\/en\/wp-json\/wp\/v2\/coauthors?post=4730"}],"curies":[{"name":"wp","href":"https:\/\/api.w.org\/{rel}","templated":true}]}}