{"id":4715,"date":"2024-04-22T09:08:35","date_gmt":"2024-04-22T13:08:35","guid":{"rendered":"https:\/\/ppgcom.ufms.br\/?p=4715"},"modified":"2024-04-29T08:33:42","modified_gmt":"2024-04-29T12:33:42","slug":"coordenador-do-ppgcom-recebe-homenagem-da-associacao-brasileira-de-ensino-de-jornalismo-abej-em-goiania","status":"publish","type":"post","link":"https:\/\/ppgcom.ufms.br\/en\/coordenador-do-ppgcom-recebe-homenagem-da-associacao-brasileira-de-ensino-de-jornalismo-abej-em-goiania\/","title":{"rendered":"(Portugu\u00eas do Brasil) Coordenador do PPGCOM recebe homenagem da Associa\u00e7\u00e3o Brasileira de Ensino de Jornalismo (Abej) em Goi\u00e2nia"},"content":{"rendered":"<p class=\"qtranxs-available-languages-message qtranxs-available-languages-message-en\">Sorry, this entry is only available in <a href=\"https:\/\/ppgcom.ufms.br\/pb\/wp-json\/wp\/v2\/posts\/4715\" class=\"qtranxs-available-language-link qtranxs-available-language-link-pb\" title=\"Portugu\u00eas do Brasil\">Portugu\u00eas do Brasil<\/a>.<\/p>","protected":false},"excerpt":{"rendered":"<p>Sorry, this entry is only available in Portugu\u00eas do Brasil.<\/p>\n","protected":false},"author":1226,"featured_media":4722,"comment_status":"closed","ping_status":"closed","sticky":false,"template":"","format":"standard","meta":{"ngg_post_thumbnail":0,"footnotes":""},"categories":[5,1],"tags":[53,12,43,40,46,47,18,45,28,13,65,16,56,49],"coauthors":[],"class_list":["post-4715","post","type-post","status-publish","format-standard","has-post-thumbnail","hentry","category-destaques","category-noticias","tag-ciberjor","tag-ciberjornalismo","tag-ciberperiodismo","tag-jornalismo","tag-jornalismo-digital","tag-jornalismo-online","tag-mato-grosso-do-sul","tag-online-journalism","tag-pesquisa","tag-ppgcom-ufms","tag-ufg","tag-ufms","tag-ufsc","tag-webjornalismo"],"_links":{"self":[{"href":"https:\/\/ppgcom.ufms.br\/en\/wp-json\/wp\/v2\/posts\/4715","targetHints":{"allow":["GET"]}}],"collection":[{"href":"https:\/\/ppgcom.ufms.br\/en\/wp-json\/wp\/v2\/posts"}],"about":[{"href":"https:\/\/ppgcom.ufms.br\/en\/wp-json\/wp\/v2\/types\/post"}],"author":[{"embeddable":true,"href":"https:\/\/ppgcom.ufms.br\/en\/wp-json\/wp\/v2\/users\/1226"}],"replies":[{"embeddable":true,"href":"https:\/\/ppgcom.ufms.br\/en\/wp-json\/wp\/v2\/comments?post=4715"}],"version-history":[{"count":6,"href":"https:\/\/ppgcom.ufms.br\/en\/wp-json\/wp\/v2\/posts\/4715\/revisions"}],"predecessor-version":[{"id":4775,"href":"https:\/\/ppgcom.ufms.br\/en\/wp-json\/wp\/v2\/posts\/4715\/revisions\/4775"}],"wp:featuredmedia":[{"embeddable":true,"href":"https:\/\/ppgcom.ufms.br\/en\/wp-json\/wp\/v2\/media\/4722"}],"wp:attachment":[{"href":"https:\/\/ppgcom.ufms.br\/en\/wp-json\/wp\/v2\/media?parent=4715"}],"wp:term":[{"taxonomy":"category","embeddable":true,"href":"https:\/\/ppgcom.ufms.br\/en\/wp-json\/wp\/v2\/categories?post=4715"},{"taxonomy":"post_tag","embeddable":true,"href":"https:\/\/ppgcom.ufms.br\/en\/wp-json\/wp\/v2\/tags?post=4715"},{"taxonomy":"author","embeddable":true,"href":"https:\/\/ppgcom.ufms.br\/en\/wp-json\/wp\/v2\/coauthors?post=4715"}],"curies":[{"name":"wp","href":"https:\/\/api.w.org\/{rel}","templated":true}]}}