{"id":2815,"date":"2019-11-18T10:27:15","date_gmt":"2019-11-18T14:27:15","guid":{"rendered":"https:\/\/ppgcom.ufms.br\/?p=2815"},"modified":"2020-03-24T10:35:49","modified_gmt":"2020-03-24T14:35:49","slug":"pesquisador-do-ppgcom-foi-eleito-presidente-da-associacao-brasileira-de-pesquisadores-em-jornalismo-sbpjor","status":"publish","type":"post","link":"https:\/\/ppgcom.ufms.br\/en\/pesquisador-do-ppgcom-foi-eleito-presidente-da-associacao-brasileira-de-pesquisadores-em-jornalismo-sbpjor\/","title":{"rendered":"(Portugu\u00eas do Brasil) Pesquisador do PPGCOM \u00e9 eleito presidente da Associa\u00e7\u00e3o Brasileira de Pesquisadores em Jornalismo &#8211; SBPJor"},"content":{"rendered":"<p class=\"qtranxs-available-languages-message qtranxs-available-languages-message-en\">Sorry, this entry is only available in <a href=\"https:\/\/ppgcom.ufms.br\/pb\/wp-json\/wp\/v2\/posts\/2815\" class=\"qtranxs-available-language-link qtranxs-available-language-link-pb\" title=\"Portugu\u00eas do Brasil\">Portugu\u00eas do Brasil<\/a>.<\/p>","protected":false},"excerpt":{"rendered":"<p>Sorry, this entry is only available in Portugu\u00eas do Brasil.<\/p>\n","protected":false},"author":1226,"featured_media":2817,"comment_status":"closed","ping_status":"closed","sticky":false,"template":"","format":"standard","meta":{"ngg_post_thumbnail":0,"footnotes":""},"categories":[1],"tags":[57,14,40,28,13,59,65,16],"coauthors":[],"class_list":["post-2815","post","type-post","status-publish","format-standard","has-post-thumbnail","hentry","category-noticias","tag-ciencia","tag-comunicacao","tag-jornalismo","tag-pesquisa","tag-ppgcom-ufms","tag-sbpjor","tag-ufg","tag-ufms"],"_links":{"self":[{"href":"https:\/\/ppgcom.ufms.br\/en\/wp-json\/wp\/v2\/posts\/2815","targetHints":{"allow":["GET"]}}],"collection":[{"href":"https:\/\/ppgcom.ufms.br\/en\/wp-json\/wp\/v2\/posts"}],"about":[{"href":"https:\/\/ppgcom.ufms.br\/en\/wp-json\/wp\/v2\/types\/post"}],"author":[{"embeddable":true,"href":"https:\/\/ppgcom.ufms.br\/en\/wp-json\/wp\/v2\/users\/1226"}],"replies":[{"embeddable":true,"href":"https:\/\/ppgcom.ufms.br\/en\/wp-json\/wp\/v2\/comments?post=2815"}],"version-history":[{"count":16,"href":"https:\/\/ppgcom.ufms.br\/en\/wp-json\/wp\/v2\/posts\/2815\/revisions"}],"predecessor-version":[{"id":2890,"href":"https:\/\/ppgcom.ufms.br\/en\/wp-json\/wp\/v2\/posts\/2815\/revisions\/2890"}],"wp:featuredmedia":[{"embeddable":true,"href":"https:\/\/ppgcom.ufms.br\/en\/wp-json\/wp\/v2\/media\/2817"}],"wp:attachment":[{"href":"https:\/\/ppgcom.ufms.br\/en\/wp-json\/wp\/v2\/media?parent=2815"}],"wp:term":[{"taxonomy":"category","embeddable":true,"href":"https:\/\/ppgcom.ufms.br\/en\/wp-json\/wp\/v2\/categories?post=2815"},{"taxonomy":"post_tag","embeddable":true,"href":"https:\/\/ppgcom.ufms.br\/en\/wp-json\/wp\/v2\/tags?post=2815"},{"taxonomy":"author","embeddable":true,"href":"https:\/\/ppgcom.ufms.br\/en\/wp-json\/wp\/v2\/coauthors?post=2815"}],"curies":[{"name":"wp","href":"https:\/\/api.w.org\/{rel}","templated":true}]}}