{"id":2527,"date":"2019-09-11T16:01:35","date_gmt":"2019-09-11T20:01:35","guid":{"rendered":"https:\/\/ppgcom.ufms.br\/?p=2527"},"modified":"2019-09-11T16:41:41","modified_gmt":"2019-09-11T20:41:41","slug":"coordenador-do-ppgcom-participa-de-seminario-na-capes-sobre-avaliacao-da-pos-graduacao","status":"publish","type":"post","link":"https:\/\/ppgcom.ufms.br\/en\/coordenador-do-ppgcom-participa-de-seminario-na-capes-sobre-avaliacao-da-pos-graduacao\/","title":{"rendered":"(Portugu\u00eas do Brasil) Coordenador do PPGCOM participa de Semin\u00e1rio na Capes sobre avalia\u00e7\u00e3o da p\u00f3s-gradua\u00e7\u00e3o"},"content":{"rendered":"<p class=\"qtranxs-available-languages-message qtranxs-available-languages-message-en\">Sorry, this entry is only available in <a href=\"https:\/\/ppgcom.ufms.br\/pb\/wp-json\/wp\/v2\/posts\/2527\" class=\"qtranxs-available-language-link qtranxs-available-language-link-pb\" title=\"Portugu\u00eas do Brasil\">Portugu\u00eas do Brasil<\/a>.<\/p>","protected":false},"excerpt":{"rendered":"<p>Sorry, this entry is only available in Portugu\u00eas do Brasil.<\/p>\n","protected":false},"author":1226,"featured_media":2532,"comment_status":"closed","ping_status":"closed","sticky":false,"template":"","format":"standard","meta":{"ngg_post_thumbnail":0,"footnotes":""},"categories":[5,4,1],"tags":[15,14,18,28,58,13,16],"coauthors":[],"class_list":["post-2527","post","type-post","status-publish","format-standard","has-post-thumbnail","hentry","category-destaques","category-fotos-imagens","category-noticias","tag-capes","tag-comunicacao","tag-mato-grosso-do-sul","tag-pesquisa","tag-pos-graduacao","tag-ppgcom-ufms","tag-ufms"],"_links":{"self":[{"href":"https:\/\/ppgcom.ufms.br\/en\/wp-json\/wp\/v2\/posts\/2527","targetHints":{"allow":["GET"]}}],"collection":[{"href":"https:\/\/ppgcom.ufms.br\/en\/wp-json\/wp\/v2\/posts"}],"about":[{"href":"https:\/\/ppgcom.ufms.br\/en\/wp-json\/wp\/v2\/types\/post"}],"author":[{"embeddable":true,"href":"https:\/\/ppgcom.ufms.br\/en\/wp-json\/wp\/v2\/users\/1226"}],"replies":[{"embeddable":true,"href":"https:\/\/ppgcom.ufms.br\/en\/wp-json\/wp\/v2\/comments?post=2527"}],"version-history":[{"count":6,"href":"https:\/\/ppgcom.ufms.br\/en\/wp-json\/wp\/v2\/posts\/2527\/revisions"}],"predecessor-version":[{"id":2536,"href":"https:\/\/ppgcom.ufms.br\/en\/wp-json\/wp\/v2\/posts\/2527\/revisions\/2536"}],"wp:featuredmedia":[{"embeddable":true,"href":"https:\/\/ppgcom.ufms.br\/en\/wp-json\/wp\/v2\/media\/2532"}],"wp:attachment":[{"href":"https:\/\/ppgcom.ufms.br\/en\/wp-json\/wp\/v2\/media?parent=2527"}],"wp:term":[{"taxonomy":"category","embeddable":true,"href":"https:\/\/ppgcom.ufms.br\/en\/wp-json\/wp\/v2\/categories?post=2527"},{"taxonomy":"post_tag","embeddable":true,"href":"https:\/\/ppgcom.ufms.br\/en\/wp-json\/wp\/v2\/tags?post=2527"},{"taxonomy":"author","embeddable":true,"href":"https:\/\/ppgcom.ufms.br\/en\/wp-json\/wp\/v2\/coauthors?post=2527"}],"curies":[{"name":"wp","href":"https:\/\/api.w.org\/{rel}","templated":true}]}}