{"id":2314,"date":"2019-03-28T11:47:28","date_gmt":"2019-03-28T15:47:28","guid":{"rendered":"https:\/\/mestradocomunicacao.ufms.br\/?p=2314"},"modified":"2019-03-28T11:47:28","modified_gmt":"2019-03-28T15:47:28","slug":"programa-de-pos-graduacao-em-comunicacao-da-ufms-publica-edital-de-selecao-para-o-segundo-semestre-de-2019","status":"publish","type":"post","link":"https:\/\/ppgcom.ufms.br\/en\/programa-de-pos-graduacao-em-comunicacao-da-ufms-publica-edital-de-selecao-para-o-segundo-semestre-de-2019\/","title":{"rendered":"(Portugu\u00eas do Brasil) Programa de P\u00f3s-Gradua\u00e7\u00e3o em Comunica\u00e7\u00e3o da UFMS publica Edital de Sele\u00e7\u00e3o para o segundo semestre de 2019"},"content":{"rendered":"<p class=\"qtranxs-available-languages-message qtranxs-available-languages-message-en\">Sorry, this entry is only available in <a href=\"https:\/\/ppgcom.ufms.br\/pb\/wp-json\/wp\/v2\/posts\/2314\" class=\"qtranxs-available-language-link qtranxs-available-language-link-pb\" title=\"Portugu\u00eas do Brasil\">Portugu\u00eas do Brasil<\/a>.<\/p>","protected":false},"excerpt":{"rendered":"<p>Sorry, this entry is only available in Portugu\u00eas do Brasil.<\/p>\n","protected":false},"author":1226,"featured_media":1869,"comment_status":"closed","ping_status":"closed","sticky":false,"template":"","format":"standard","meta":{"ngg_post_thumbnail":0,"footnotes":""},"categories":[5,1],"tags":[17,14,18,19,28,13,16],"coauthors":[],"class_list":["post-2314","post","type-post","status-publish","format-standard","has-post-thumbnail","hentry","category-destaques","category-noticias","tag-campo-grande","tag-comunicacao","tag-mato-grosso-do-sul","tag-mestrado","tag-pesquisa","tag-ppgcom-ufms","tag-ufms"],"_links":{"self":[{"href":"https:\/\/ppgcom.ufms.br\/en\/wp-json\/wp\/v2\/posts\/2314","targetHints":{"allow":["GET"]}}],"collection":[{"href":"https:\/\/ppgcom.ufms.br\/en\/wp-json\/wp\/v2\/posts"}],"about":[{"href":"https:\/\/ppgcom.ufms.br\/en\/wp-json\/wp\/v2\/types\/post"}],"author":[{"embeddable":true,"href":"https:\/\/ppgcom.ufms.br\/en\/wp-json\/wp\/v2\/users\/1226"}],"replies":[{"embeddable":true,"href":"https:\/\/ppgcom.ufms.br\/en\/wp-json\/wp\/v2\/comments?post=2314"}],"version-history":[{"count":2,"href":"https:\/\/ppgcom.ufms.br\/en\/wp-json\/wp\/v2\/posts\/2314\/revisions"}],"predecessor-version":[{"id":2316,"href":"https:\/\/ppgcom.ufms.br\/en\/wp-json\/wp\/v2\/posts\/2314\/revisions\/2316"}],"wp:featuredmedia":[{"embeddable":true,"href":"https:\/\/ppgcom.ufms.br\/en\/wp-json\/wp\/v2\/media\/1869"}],"wp:attachment":[{"href":"https:\/\/ppgcom.ufms.br\/en\/wp-json\/wp\/v2\/media?parent=2314"}],"wp:term":[{"taxonomy":"category","embeddable":true,"href":"https:\/\/ppgcom.ufms.br\/en\/wp-json\/wp\/v2\/categories?post=2314"},{"taxonomy":"post_tag","embeddable":true,"href":"https:\/\/ppgcom.ufms.br\/en\/wp-json\/wp\/v2\/tags?post=2314"},{"taxonomy":"author","embeddable":true,"href":"https:\/\/ppgcom.ufms.br\/en\/wp-json\/wp\/v2\/coauthors?post=2314"}],"curies":[{"name":"wp","href":"https:\/\/api.w.org\/{rel}","templated":true}]}}