{"id":1551,"date":"2018-02-26T10:33:29","date_gmt":"2018-02-26T14:33:29","guid":{"rendered":"https:\/\/mestradocomunicacao.ufms.br\/?p=1551"},"modified":"2018-03-02T12:10:03","modified_gmt":"2018-03-02T16:10:03","slug":"resultado-da-avaliacao-do-curriculo-lattes-e-arguicao-do-anteprojeto","status":"publish","type":"post","link":"https:\/\/ppgcom.ufms.br\/en\/resultado-da-avaliacao-do-curriculo-lattes-e-arguicao-do-anteprojeto\/","title":{"rendered":"Resultado da Avalia\u00e7\u00e3o do Curr\u00edculo e Argui\u00e7\u00e3o do Anteprojeto"},"content":{"rendered":"<p><strong>Processo Seletivo 2018.1 \u2013 Edital n\u00ba 124, de 6 de\u00a0setembro de 2017.<\/strong><\/p>\n<p><strong>Resultado da Avalia\u00e7\u00e3o do Curr\u00edculo Lattes e Argui\u00e7\u00e3o do Anteprojeto <\/strong><\/p>\n<p style=\"text-align: center\"><strong>26\/02\/2018<\/strong><\/p>\n<p>A Comiss\u00e3o de Sele\u00e7\u00e3o do Programa de P\u00f3s-Gradua\u00e7\u00e3o em Comunica\u00e7\u00e3o, institu\u00edda pela Resolu\u00e7\u00e3o n\u00ba 127, de 20 de dezembro de 2017,\u00a0torna p\u00fablico a rela\u00e7\u00e3o dos candidatos e suas respectivas notas na\u00a0 Avalia\u00e7\u00e3o do Curr\u00edculo Lattes e Argui\u00e7\u00e3o do Anteprojeto &#8211;\u00a0 3\u00aa\u00a0 e 4\u00aa Etapa do Processo Seletivo 2018.1<\/p>\n<table width=\"530\">\n<tbody>\n<tr>\n<td colspan=\"4\" width=\"530\">\u00c1rea de Concentra\u00e7\u00e3o: &#8220;M\u00eddia e Representa\u00e7\u00e3o Social&#8221;<\/td>\n<\/tr>\n<tr>\n<td colspan=\"4\" width=\"530\">Linha de Pesquisa: &#8220;Linguagens, Processos e produtos Midi\u00e1ticos&#8221;<\/td>\n<\/tr>\n<tr>\n<td width=\"229\"><strong>Protocolo de solicita\u00e7\u00e3o\/Inscri\u00e7\u00e3o<\/strong><\/td>\n<td width=\"102\"><strong>Nota Avalia\u00e7\u00e3o Curr\u00edculo Lattes<\/strong><\/td>\n<td width=\"186\"><strong>Nota Argui\u00e7\u00e3o do Anteprojeto<\/strong><\/td>\n<td width=\"13\"><\/td>\n<\/tr>\n<tr>\n<td width=\"229\">201864043<\/td>\n<td width=\"102\">11,9<\/td>\n<td width=\"186\">6,8<\/td>\n<td width=\"13\"><\/td>\n<\/tr>\n<tr>\n<td width=\"229\">201864109<\/td>\n<td width=\"102\">22,0<\/td>\n<td width=\"186\">8,1<\/td>\n<td width=\"13\"><\/td>\n<\/tr>\n<tr>\n<td width=\"229\">201864237<\/td>\n<td width=\"102\">8,4<\/td>\n<td width=\"186\">7,7<\/td>\n<td width=\"13\"><\/td>\n<\/tr>\n<tr>\n<td width=\"229\">201864515<\/td>\n<td width=\"102\">20,3<\/td>\n<td width=\"186\">6,9<\/td>\n<td width=\"13\"><\/td>\n<\/tr>\n<tr>\n<td width=\"229\">201865109<\/td>\n<td width=\"102\">19,0<\/td>\n<td width=\"186\">5,6<\/td>\n<td width=\"13\"><\/td>\n<\/tr>\n<\/tbody>\n<\/table>\n<p>&nbsp;<\/p>\n<table width=\"520\">\n<tbody>\n<tr>\n<td colspan=\"3\" width=\"520\">\u00c1rea de Concentra\u00e7\u00e3o: &#8220;M\u00eddia e Representa\u00e7\u00e3o Social&#8221;<\/td>\n<\/tr>\n<tr>\n<td colspan=\"3\" width=\"520\">Linha de Pesquisa: &#8220;M\u00eddia, Identidade e Regionalidade&#8221;<\/td>\n<\/tr>\n<tr>\n<td width=\"236\"><strong>Protocolo de solicita\u00e7\u00e3o\/Inscri\u00e7\u00e3o<\/strong><\/td>\n<td width=\"95\"><strong>Nota Avalia\u00e7\u00e3o Curr\u00edculo Lattes<\/strong><\/td>\n<td width=\"189\"><strong>Nota Argui\u00e7\u00e3o do Anteprojeto<\/strong><\/td>\n<\/tr>\n<tr>\n<td width=\"236\">201864069<\/td>\n<td width=\"95\">12,0<\/td>\n<td width=\"189\">7,0<\/td>\n<\/tr>\n<tr>\n<td width=\"236\">201864673<\/td>\n<td width=\"95\">7,9<\/td>\n<td width=\"189\">8,5<\/td>\n<\/tr>\n<tr>\n<td width=\"236\">201864735<\/td>\n<td width=\"95\">7,7<\/td>\n<td width=\"189\">8,2<\/td>\n<\/tr>\n<tr>\n<td width=\"236\">201864958<\/td>\n<td width=\"95\">26,4<\/td>\n<td width=\"189\">8,0<\/td>\n<\/tr>\n<\/tbody>\n<\/table>\n<p>&nbsp;<\/p>\n<p>&nbsp;<\/p>\n<p>&nbsp;<\/p>\n","protected":false},"excerpt":{"rendered":"<p>Processo Seletivo 2018.1 \u2013 Edital n\u00ba 124, de 6 de\u00a0setembro de 2017. Resultado da Avalia\u00e7\u00e3o do Curr\u00edculo Lattes e Argui\u00e7\u00e3o do Anteprojeto 26\/02\/2018 A Comiss\u00e3o de Sele\u00e7\u00e3o do Programa de P\u00f3s-Gradua\u00e7\u00e3o em Comunica\u00e7\u00e3o, institu\u00edda pela Resolu\u00e7\u00e3o n\u00ba 127, de 20 de dezembro de 2017,\u00a0torna p\u00fablico a rela\u00e7\u00e3o dos candidatos e suas respectivas notas na\u00a0 Avalia\u00e7\u00e3o [&hellip;]<\/p>\n","protected":false},"author":2223,"featured_media":0,"comment_status":"closed","ping_status":"closed","sticky":false,"template":"","format":"standard","meta":{"ngg_post_thumbnail":0,"footnotes":""},"categories":[5,1],"tags":[],"coauthors":[],"class_list":["post-1551","post","type-post","status-publish","format-standard","hentry","category-destaques","category-noticias"],"_links":{"self":[{"href":"https:\/\/ppgcom.ufms.br\/en\/wp-json\/wp\/v2\/posts\/1551","targetHints":{"allow":["GET"]}}],"collection":[{"href":"https:\/\/ppgcom.ufms.br\/en\/wp-json\/wp\/v2\/posts"}],"about":[{"href":"https:\/\/ppgcom.ufms.br\/en\/wp-json\/wp\/v2\/types\/post"}],"author":[{"embeddable":true,"href":"https:\/\/ppgcom.ufms.br\/en\/wp-json\/wp\/v2\/users\/2223"}],"replies":[{"embeddable":true,"href":"https:\/\/ppgcom.ufms.br\/en\/wp-json\/wp\/v2\/comments?post=1551"}],"version-history":[{"count":2,"href":"https:\/\/ppgcom.ufms.br\/en\/wp-json\/wp\/v2\/posts\/1551\/revisions"}],"predecessor-version":[{"id":1581,"href":"https:\/\/ppgcom.ufms.br\/en\/wp-json\/wp\/v2\/posts\/1551\/revisions\/1581"}],"wp:attachment":[{"href":"https:\/\/ppgcom.ufms.br\/en\/wp-json\/wp\/v2\/media?parent=1551"}],"wp:term":[{"taxonomy":"category","embeddable":true,"href":"https:\/\/ppgcom.ufms.br\/en\/wp-json\/wp\/v2\/categories?post=1551"},{"taxonomy":"post_tag","embeddable":true,"href":"https:\/\/ppgcom.ufms.br\/en\/wp-json\/wp\/v2\/tags?post=1551"},{"taxonomy":"author","embeddable":true,"href":"https:\/\/ppgcom.ufms.br\/en\/wp-json\/wp\/v2\/coauthors?post=1551"}],"curies":[{"name":"wp","href":"https:\/\/api.w.org\/{rel}","templated":true}]}}