{"id":1547,"date":"2018-02-21T16:52:32","date_gmt":"2018-02-21T20:52:32","guid":{"rendered":"https:\/\/mestradocomunicacao.ufms.br\/?p=1547"},"modified":"2018-02-27T15:48:02","modified_gmt":"2018-02-27T19:48:02","slug":"resultado-da-analise-do-recurso-da-analise-do-anteprojeto-de-pesquisa-21022018","status":"publish","type":"post","link":"https:\/\/ppgcom.ufms.br\/en\/resultado-da-analise-do-recurso-da-analise-do-anteprojeto-de-pesquisa-21022018\/","title":{"rendered":"Resultado da An\u00e1lise do Recurso da An\u00e1lise do Anteprojeto de Pesquisa &#8211; 21\/02\/2018"},"content":{"rendered":"<p><strong>Processo Seletivo 2018.1 \u2013 Edital n\u00ba 124, de 6 de setembro de 2017.<\/strong><\/p>\n<p><strong>Resultado da An\u00e1lise do Recurso da An\u00e1lise do Anteprojeto de Pesquisa &#8211; 21<\/strong><strong>\/02\/2018<\/strong><\/p>\n<p>A Comiss\u00e3o de Sele\u00e7\u00e3o do Programa de P\u00f3s-Gradua\u00e7\u00e3o em Comunica\u00e7\u00e3o, institu\u00edda pela Resolu\u00e7\u00e3o n\u00ba 127, de 20 de dezembro de 2017,\u00a0torna p\u00fablico o Resultado da An\u00e1lise do Recurso da An\u00e1lise do Anteprojeto de Pesquisa \u2013 2\u00aa Etapa do Processo Seletivo 2018.1:<\/p>\n<table width=\"297\">\n<tbody>\n<tr>\n<td width=\"170\"><strong>Protocolo de solicita\u00e7\u00e3o\/inscri\u00e7\u00e3o<\/strong><\/td>\n<td width=\"127\"><strong>Resultado\u00a0 <\/strong><\/td>\n<\/tr>\n<tr>\n<td width=\"170\">201864065<\/td>\n<td width=\"127\">Indeferido<\/td>\n<\/tr>\n<tr>\n<td width=\"170\">201864989<\/td>\n<td width=\"127\">Indeferido<\/td>\n<\/tr>\n<\/tbody>\n<\/table>\n<p>&nbsp;<\/p>\n","protected":false},"excerpt":{"rendered":"<p>Processo Seletivo 2018.1 \u2013 Edital n\u00ba 124, de 6 de setembro de 2017. Resultado da An\u00e1lise do Recurso da An\u00e1lise do Anteprojeto de Pesquisa &#8211; 21\/02\/2018 A Comiss\u00e3o de Sele\u00e7\u00e3o do Programa de P\u00f3s-Gradua\u00e7\u00e3o em Comunica\u00e7\u00e3o, institu\u00edda pela Resolu\u00e7\u00e3o n\u00ba 127, de 20 de dezembro de 2017,\u00a0torna p\u00fablico o Resultado da An\u00e1lise do Recurso da [&hellip;]<\/p>\n","protected":false},"author":2223,"featured_media":0,"comment_status":"closed","ping_status":"closed","sticky":false,"template":"","format":"standard","meta":{"ngg_post_thumbnail":0,"footnotes":""},"categories":[5,1],"tags":[],"coauthors":[],"class_list":["post-1547","post","type-post","status-publish","format-standard","hentry","category-destaques","category-noticias"],"_links":{"self":[{"href":"https:\/\/ppgcom.ufms.br\/en\/wp-json\/wp\/v2\/posts\/1547","targetHints":{"allow":["GET"]}}],"collection":[{"href":"https:\/\/ppgcom.ufms.br\/en\/wp-json\/wp\/v2\/posts"}],"about":[{"href":"https:\/\/ppgcom.ufms.br\/en\/wp-json\/wp\/v2\/types\/post"}],"author":[{"embeddable":true,"href":"https:\/\/ppgcom.ufms.br\/en\/wp-json\/wp\/v2\/users\/2223"}],"replies":[{"embeddable":true,"href":"https:\/\/ppgcom.ufms.br\/en\/wp-json\/wp\/v2\/comments?post=1547"}],"version-history":[{"count":1,"href":"https:\/\/ppgcom.ufms.br\/en\/wp-json\/wp\/v2\/posts\/1547\/revisions"}],"predecessor-version":[{"id":1548,"href":"https:\/\/ppgcom.ufms.br\/en\/wp-json\/wp\/v2\/posts\/1547\/revisions\/1548"}],"wp:attachment":[{"href":"https:\/\/ppgcom.ufms.br\/en\/wp-json\/wp\/v2\/media?parent=1547"}],"wp:term":[{"taxonomy":"category","embeddable":true,"href":"https:\/\/ppgcom.ufms.br\/en\/wp-json\/wp\/v2\/categories?post=1547"},{"taxonomy":"post_tag","embeddable":true,"href":"https:\/\/ppgcom.ufms.br\/en\/wp-json\/wp\/v2\/tags?post=1547"},{"taxonomy":"author","embeddable":true,"href":"https:\/\/ppgcom.ufms.br\/en\/wp-json\/wp\/v2\/coauthors?post=1547"}],"curies":[{"name":"wp","href":"https:\/\/api.w.org\/{rel}","templated":true}]}}