{"id":1543,"date":"2018-02-21T11:28:19","date_gmt":"2018-02-21T15:28:19","guid":{"rendered":"https:\/\/mestradocomunicacao.ufms.br\/?p=1543"},"modified":"2018-02-27T15:49:40","modified_gmt":"2018-02-27T19:49:40","slug":"convocacao-para-arguicao-do-anteprojeto-de-pesquisa-21022018","status":"publish","type":"post","link":"https:\/\/ppgcom.ufms.br\/en\/convocacao-para-arguicao-do-anteprojeto-de-pesquisa-21022018\/","title":{"rendered":"CONVOCA\u00c7\u00c3O para a Argui\u00e7\u00e3o do Anteprojeto de Pesquisa \u2013 21\/02\/2018"},"content":{"rendered":"<p><strong>Processo Seletivo 2018.1 \u2013 Edital n\u00ba 124, de 6 de setembro de 2017.<\/strong><\/p>\n<p><strong>CONVOCA\u00c7\u00c3O para a Argui\u00e7\u00e3o do Anteprojeto de Pesquisa \u2013 21\/02\/2018<\/strong><\/p>\n<p>A Comiss\u00e3o de Sele\u00e7\u00e3o institu\u00edda pela Resolu\u00e7\u00e3o n. 127, de 20 de dezembro de 2017, do Programa de P\u00f3s-Gradua\u00e7\u00e3o em Comunica\u00e7\u00e3o, do curso de Mestrado em Comunica\u00e7\u00e3o, <strong>convoca <\/strong>os candidatos, abaixo relacionados,\u00a0 para a realiza\u00e7\u00e3o da Argui\u00e7\u00e3o do Anteprojeto de Pesquisa \u2013 4\u00aa Etapa do Processo Seletivo 2018.1:<\/p>\n<ul>\n<li>Os aparelhos celulares ou outros dispositivos eletr\u00f4nicos devem permanecer desligados durante todo o tempo da argui\u00e7\u00e3o.<\/li>\n<li>N\u00e3o ser\u00e1 permitida a utiliza\u00e7\u00e3o de qualquer recurso eletr\u00f4nico;<\/li>\n<li>Por determina\u00e7\u00e3o do Conselho Nacional de Educa\u00e7\u00e3o (Parecer CNE\/CES n\u00ba 178\/2012), todas as argui\u00e7\u00f5es ser\u00e3o gravadas em \u00e1udio;<\/li>\n<li>O n\u00e3o comparecimento na data, hor\u00e1rio e local previstos, qualquer que seja o motivo, caracterizar\u00e1 desist\u00eancia do candidato e resultar\u00e1 em sua elimina\u00e7\u00e3o do Processo Seletivo (item 4.6.7 do Edital).<\/li>\n<\/ul>\n<p><strong><u>Agendamento por Linha de Pesquisa<\/u><\/strong><\/p>\n<p><strong>Linha de Pesquisa: M\u00eddia, Identidade e Regionalidade<\/strong><\/p>\n<p>DATA: <strong>22.02.2018<\/strong><\/p>\n<p>HOR\u00c1RIO: <strong>a partir das 13h:45min (ver agendamento abaixo)<\/strong><\/p>\n<p>LOCAL: <strong>Curso de Mestrado em Comunica\u00e7\u00e3o, ao lado do Banco do Brasil<\/strong><\/p>\n<table>\n<tbody>\n<tr>\n<td width=\"191\"><strong>Protocolo de solicita\u00e7\u00e3o\/Inscri\u00e7\u00e3o<\/strong><\/td>\n<td width=\"234\"><strong>Nome<\/strong><\/td>\n<td width=\"201\"><strong>Hor\u00e1rio de Apresenta\u00e7\u00e3o para Argui\u00e7\u00e3o<\/strong><\/td>\n<\/tr>\n<tr>\n<td width=\"191\">201864069<\/td>\n<td width=\"234\">Ana Barbosa de Souza<\/td>\n<td width=\"201\">13:45<\/td>\n<\/tr>\n<tr>\n<td width=\"191\">201864673<\/td>\n<td width=\"234\">Aline de Oliveira Silva<\/td>\n<td width=\"201\">14:15<\/td>\n<\/tr>\n<tr>\n<td width=\"191\">201864735<\/td>\n<td width=\"234\">Alline Ribeiro de Gois<\/td>\n<td width=\"201\">14:45<\/td>\n<\/tr>\n<tr>\n<td width=\"191\">201864958<\/td>\n<td width=\"234\">Laureane de Queiroz Schimidt<\/td>\n<td width=\"201\">15:15<\/td>\n<\/tr>\n<\/tbody>\n<\/table>\n<p><strong><br \/>\nLinha de Pesquisa: Linguagens, Processos e Produtos Midi\u00e1ticos<\/strong><\/p>\n<p>DATA: <strong>23.02.2018<\/strong><\/p>\n<p>HOR\u00c1RIO: <strong>a partir das 8h:45min (ver agendamento abaixo)<\/strong><\/p>\n<p><strong>LOCAL: Curso de Mestrado em Comunica\u00e7\u00e3o, ao lado do Banco do Brasil<\/strong><\/p>\n<table>\n<tbody>\n<tr>\n<td width=\"191\"><strong>Protocolo de solicita\u00e7\u00e3o\/Inscri\u00e7\u00e3o<\/strong><\/td>\n<td width=\"234\"><strong>Nome<\/strong><\/td>\n<td width=\"201\"><strong>Hor\u00e1rio de Apresenta\u00e7\u00e3o para Argui\u00e7\u00e3o<\/strong><\/td>\n<\/tr>\n<tr>\n<td width=\"191\">201864043<\/td>\n<td width=\"234\">Iago Oliveira Porfirio da Silva<\/td>\n<td width=\"201\">08:45<\/td>\n<\/tr>\n<tr>\n<td width=\"191\">201864109<\/td>\n<td width=\"234\">Adriana Oliveira dos Santos Queiroz<\/td>\n<td width=\"201\">09:15<\/td>\n<\/tr>\n<tr>\n<td width=\"191\">201864237<\/td>\n<td width=\"234\">Let\u00edcia de Faria \u00c1vila Santos<\/td>\n<td width=\"201\">09:45<\/td>\n<\/tr>\n<tr>\n<td width=\"191\">201865109<\/td>\n<td width=\"234\">Miriam Cristina Ibanhes<\/td>\n<td width=\"201\">10:15<\/td>\n<\/tr>\n<tr>\n<td width=\"191\">201864515<\/td>\n<td width=\"234\">Marcele Aroca Camy<\/td>\n<td width=\"201\">10:45<\/td>\n<\/tr>\n<\/tbody>\n<\/table>\n<p>&nbsp;<\/p>\n<p>&nbsp;<\/p>\n<p>&nbsp;<\/p>\n","protected":false},"excerpt":{"rendered":"<p>Processo Seletivo 2018.1 \u2013 Edital n\u00ba 124, de 6 de setembro de 2017. CONVOCA\u00c7\u00c3O para a Argui\u00e7\u00e3o do Anteprojeto de Pesquisa \u2013 21\/02\/2018 A Comiss\u00e3o de Sele\u00e7\u00e3o institu\u00edda pela Resolu\u00e7\u00e3o n. 127, de 20 de dezembro de 2017, do Programa de P\u00f3s-Gradua\u00e7\u00e3o em Comunica\u00e7\u00e3o, do curso de Mestrado em Comunica\u00e7\u00e3o, convoca os candidatos, abaixo relacionados,\u00a0 [&hellip;]<\/p>\n","protected":false},"author":2223,"featured_media":0,"comment_status":"closed","ping_status":"closed","sticky":false,"template":"","format":"standard","meta":{"ngg_post_thumbnail":0,"footnotes":""},"categories":[5,1],"tags":[],"coauthors":[],"class_list":["post-1543","post","type-post","status-publish","format-standard","hentry","category-destaques","category-noticias"],"_links":{"self":[{"href":"https:\/\/ppgcom.ufms.br\/en\/wp-json\/wp\/v2\/posts\/1543","targetHints":{"allow":["GET"]}}],"collection":[{"href":"https:\/\/ppgcom.ufms.br\/en\/wp-json\/wp\/v2\/posts"}],"about":[{"href":"https:\/\/ppgcom.ufms.br\/en\/wp-json\/wp\/v2\/types\/post"}],"author":[{"embeddable":true,"href":"https:\/\/ppgcom.ufms.br\/en\/wp-json\/wp\/v2\/users\/2223"}],"replies":[{"embeddable":true,"href":"https:\/\/ppgcom.ufms.br\/en\/wp-json\/wp\/v2\/comments?post=1543"}],"version-history":[{"count":3,"href":"https:\/\/ppgcom.ufms.br\/en\/wp-json\/wp\/v2\/posts\/1543\/revisions"}],"predecessor-version":[{"id":1554,"href":"https:\/\/ppgcom.ufms.br\/en\/wp-json\/wp\/v2\/posts\/1543\/revisions\/1554"}],"wp:attachment":[{"href":"https:\/\/ppgcom.ufms.br\/en\/wp-json\/wp\/v2\/media?parent=1543"}],"wp:term":[{"taxonomy":"category","embeddable":true,"href":"https:\/\/ppgcom.ufms.br\/en\/wp-json\/wp\/v2\/categories?post=1543"},{"taxonomy":"post_tag","embeddable":true,"href":"https:\/\/ppgcom.ufms.br\/en\/wp-json\/wp\/v2\/tags?post=1543"},{"taxonomy":"author","embeddable":true,"href":"https:\/\/ppgcom.ufms.br\/en\/wp-json\/wp\/v2\/coauthors?post=1543"}],"curies":[{"name":"wp","href":"https:\/\/api.w.org\/{rel}","templated":true}]}}