{"id":1534,"date":"2018-02-21T09:29:24","date_gmt":"2018-02-21T13:29:24","guid":{"rendered":"https:\/\/mestradocomunicacao.ufms.br\/?p=1534"},"modified":"2018-02-27T15:42:55","modified_gmt":"2018-02-27T19:42:55","slug":"processo-seletivo-de-alunos-especiais-2018-1","status":"publish","type":"post","link":"https:\/\/ppgcom.ufms.br\/en\/processo-seletivo-de-alunos-especiais-2018-1\/","title":{"rendered":"Processo Seletivo de aluno especial 2018.1 &#8211; Inscri\u00e7\u00f5es de 2 a 5 de mar\u00e7o"},"content":{"rendered":"<p>O processo de sele\u00e7\u00e3o ser\u00e1 realizado da seguinte forma:<\/p>\n<p><a href=\"https:\/\/mestradocomunicacao.ufms.br\/files\/2018\/02\/Resolu\u00e7\u00e3o-n.-2-Abertura-Processo-Seletivo-aluno-especial-2018.1.pdf\">Resolu\u00e7\u00e3o n. 2 &#8211; Abertura Processo Seletivo aluno especial 2018.1<\/a><\/p>\n<ul>\n<li>1) As inscri\u00e7\u00f5es ser\u00e3o gratuitas e dever\u00e3o ser feitas por meio dos seguintes<br \/>\nendere\u00e7os de e-mail: ppgcom.faalc@ufms.br e mestradocomunicacao.ufms@gmail.com entre os dias 2 e 5 de mar\u00e7o de 2018 com o envio dos documentos abaixo anexados, digitalizados e com boa resolu\u00e7\u00e3o:<br \/>\na. Ficha Inscri\u00e7\u00e3o &#8211; Processo Seletivo 2018.1 \u2013 Aluno Especial, preenchida,<br \/>\ndatada e assinada, a qual estar\u00e1 dispon\u00edvel na p\u00e1gina do<br \/>\nPPGCOM https:\/\/mestradocomunicacao.ufms.br\/ clicando em Processo Seletivo;<br \/>\nb .C\u00f3pia do Curr\u00edculo Lattes;<br \/>\nc. C\u00f3pia do hist\u00f3rico escolar;<br \/>\nd. C\u00f3pia do diploma de gradua\u00e7\u00e3o plena (quatro anos) ou certificado de<br \/>\nconclus\u00e3o de curso emitido pela Institui\u00e7\u00e3o de Ensino;<br \/>\ne. Carta endere\u00e7ada ao docente respons\u00e1vel pela disciplina escolhida,<br \/>\njustificando o interesse e os motivos em curs\u00e1-la, como aluno especial.<br \/>\n2. Os interessados s\u00f3 poder\u00e3o se candidatar a uma \u00fanica disciplina;<br \/>\n3. A decis\u00e3o do aceite do candidato ficar\u00e1 a cargo do docente respons\u00e1vel por<br \/>\ncada disciplina;<br \/>\n4. O resultado ser\u00e1 divulgado na p\u00e1gina do<br \/>\nPPGCOM https:\/\/mestradocomunicacao.ufms.br\/ no dia 7 de mar\u00e7o de 2018. A matr\u00edcula dever\u00e1 ser efetuada na secretaria do curso das 8h \u00e0s 12h e das 13h \u00e0s 17h dos dias 8 e 9 de mar\u00e7o.<br \/>\nSer\u00e3o ofertadas at\u00e9 9 vagas para alunos especiais nas seguintes disciplinas:<\/li>\n<\/ul>\n<table style=\"height: 612px\" width=\"650\">\n<tbody>\n<tr>\n<td width=\"31%\">Disciplina<\/td>\n<td width=\"24%\">Docente<\/td>\n<td width=\"7%\">CH<\/td>\n<td width=\"11%\">Cr\u00e9ditos<\/td>\n<td width=\"7%\">Tipo<\/td>\n<td width=\"17%\">Dia da Semana\/hor\u00e1rio<\/td>\n<\/tr>\n<tr>\n<td width=\"31%\">Linguagens da M\u00eddia Contempor\u00e2nea<\/td>\n<td width=\"24%\">Gerson Luiz Martins<\/td>\n<td width=\"7%\">60h<\/td>\n<td width=\"11%\">4<\/td>\n<td width=\"7%\">OPT<\/td>\n<td width=\"17%\">Segunda-feira das 8h \u00e0s 12h<\/td>\n<\/tr>\n<tr>\n<td width=\"31%\">Teorias da Comunica\u00e7\u00e3o<\/td>\n<td width=\"24%\">\u00a0M\u00e1rcia Gomes Marques<\/td>\n<td width=\"7%\">60h<\/td>\n<td width=\"11%\">4<\/td>\n<td width=\"7%\">OBR<\/td>\n<td width=\"17%\">Ter\u00e7a-feira das 8h \u00e0s 12h<\/td>\n<\/tr>\n<tr>\n<td width=\"31%\">Geografias da Comunica\u00e7\u00e3o e Regionalidade<\/td>\n<td width=\"24%\">Daniela Cristiane Ota<\/td>\n<td width=\"7%\">60h<\/td>\n<td width=\"11%\">4<\/td>\n<td width=\"7%\">OPT<\/td>\n<td width=\"17%\">Quarta-feira das 8h \u00e0s 12h<\/td>\n<\/tr>\n<tr>\n<td width=\"31%\">Mobilidade, Globaliza\u00e7\u00e3o e Cultura Regional<\/td>\n<td width=\"24%\">\u00c1lvaro Banducci Junior<\/td>\n<td width=\"7%\">60h<\/td>\n<td width=\"11%\">4<\/td>\n<td width=\"7%\">OPT<\/td>\n<td width=\"17%\">Quinta-feira das 8h \u00e0s 12h<\/td>\n<\/tr>\n<tr>\n<td width=\"31%\">Document\u00e1rio e Semi\u00f3tica<\/td>\n<td width=\"24%\">H\u00e9lio Augusto Godoy de Souza<\/td>\n<td width=\"7%\">60h<\/td>\n<td width=\"11%\">4<\/td>\n<td width=\"7%\">OPT<\/td>\n<td width=\"17%\">Sexta-feira das 8h \u00e0s 12h<\/td>\n<\/tr>\n<\/tbody>\n<\/table>\n","protected":false},"excerpt":{"rendered":"<p>O processo de sele\u00e7\u00e3o ser\u00e1 realizado da seguinte forma: Resolu\u00e7\u00e3o n. 2 &#8211; Abertura Processo Seletivo aluno especial 2018.1 1) As inscri\u00e7\u00f5es ser\u00e3o gratuitas e dever\u00e3o ser feitas por meio dos seguintes endere\u00e7os de e-mail: ppgcom.faalc@ufms.br e mestradocomunicacao.ufms@gmail.com entre os dias 2 e 5 de mar\u00e7o de 2018 com o envio dos documentos abaixo anexados, [&hellip;]<\/p>\n","protected":false},"author":2223,"featured_media":0,"comment_status":"closed","ping_status":"closed","sticky":false,"template":"","format":"standard","meta":{"ngg_post_thumbnail":0,"footnotes":""},"categories":[5,1],"tags":[],"coauthors":[],"class_list":["post-1534","post","type-post","status-publish","format-standard","hentry","category-destaques","category-noticias"],"_links":{"self":[{"href":"https:\/\/ppgcom.ufms.br\/en\/wp-json\/wp\/v2\/posts\/1534","targetHints":{"allow":["GET"]}}],"collection":[{"href":"https:\/\/ppgcom.ufms.br\/en\/wp-json\/wp\/v2\/posts"}],"about":[{"href":"https:\/\/ppgcom.ufms.br\/en\/wp-json\/wp\/v2\/types\/post"}],"author":[{"embeddable":true,"href":"https:\/\/ppgcom.ufms.br\/en\/wp-json\/wp\/v2\/users\/2223"}],"replies":[{"embeddable":true,"href":"https:\/\/ppgcom.ufms.br\/en\/wp-json\/wp\/v2\/comments?post=1534"}],"version-history":[{"count":6,"href":"https:\/\/ppgcom.ufms.br\/en\/wp-json\/wp\/v2\/posts\/1534\/revisions"}],"predecessor-version":[{"id":1542,"href":"https:\/\/ppgcom.ufms.br\/en\/wp-json\/wp\/v2\/posts\/1534\/revisions\/1542"}],"wp:attachment":[{"href":"https:\/\/ppgcom.ufms.br\/en\/wp-json\/wp\/v2\/media?parent=1534"}],"wp:term":[{"taxonomy":"category","embeddable":true,"href":"https:\/\/ppgcom.ufms.br\/en\/wp-json\/wp\/v2\/categories?post=1534"},{"taxonomy":"post_tag","embeddable":true,"href":"https:\/\/ppgcom.ufms.br\/en\/wp-json\/wp\/v2\/tags?post=1534"},{"taxonomy":"author","embeddable":true,"href":"https:\/\/ppgcom.ufms.br\/en\/wp-json\/wp\/v2\/coauthors?post=1534"}],"curies":[{"name":"wp","href":"https:\/\/api.w.org\/{rel}","templated":true}]}}