{"id":1413,"date":"2017-11-10T15:05:02","date_gmt":"2017-11-10T19:05:02","guid":{"rendered":"http:\/\/mestradocomunicacao.draconis.ufms.br\/?p=1413"},"modified":"2018-02-27T15:44:05","modified_gmt":"2018-02-27T19:44:05","slug":"lembramos-que-nao-havera-etapa-de-prova-de-suficiencia-em-lingua-estrangeira-no-processo-seletivo-2018-comprovante-de-suficiencia-em-lingua-estrangeira-prova-dia-24-de-novembro-de-2017-inscricao","status":"publish","type":"post","link":"https:\/\/ppgcom.ufms.br\/en\/lembramos-que-nao-havera-etapa-de-prova-de-suficiencia-em-lingua-estrangeira-no-processo-seletivo-2018-comprovante-de-suficiencia-em-lingua-estrangeira-prova-dia-24-de-novembro-de-2017-inscricao\/","title":{"rendered":"Lembramos que n\u00e3o haver\u00e1 Etapa de Prova de Sufici\u00eancia em L\u00edngua Estrangeira no Processo Seletivo 2018 -Comprovante de sufici\u00eancia em l\u00edngua estrangeira &#8211; Prova dia 24 de novembro de 2017 &#8211; inscri\u00e7\u00e3o at\u00e9 14 de novembro"},"content":{"rendered":"<p><a href=\"https:\/\/sistemas.ufms.br\/sigpos\/portal\/noticias\/view\/3609\/cursoId:151\" target=\"_blank\" rel=\"noopener noreferrer\">Comprovante antecipado de sufici\u00eancia em L\u00edngua Estrangeira no momento da inscri\u00e7\u00e3o &#8211; Processo Seletivo 2018<\/a><\/p>\n<p>O PROGRAMA DE P\u00d3S-GRADUA\u00c7\u00c3O EM COMUNICA\u00c7\u00c3O INFORMA AOS CANDIDATOS INTERESSADOS NO PROCESSO SELETIVO DO MESTRADO PARA 2018, QUE A\u00a0<strong>PROVA DE SUFICI\u00caNCIA EM IDIOMA ESTRANGEIRO SER\u00c1 REALIZADA NO DIA 24 DE NOVEMBRO DE 2017<\/strong>.<\/p>\n<p>Lembramos que o comprovante de sufici\u00eancia em L\u00edngua Estrangeira dever\u00e1 ser anexado junto aos demais documentos para inscri\u00e7\u00e3o, ou seja, entregar tudo em envelope lacrado.\u00a0Apenas o\u00a0 Envelope dever\u00e1 ser identificado com o nome do candidato. Veja o Edital:\u00a0<a href=\"https:\/\/sistemas.ufms.br\/sigpos\/portal\/arquivos\/index\/cursoId:151\" target=\"_blank\" rel=\"noopener noreferrer\">Edital n\u00ba 124 de 6\/09\/2017 &#8211; Processo Seletivo 2018<\/a><\/p>\n<p>INSCRI\u00c7\u00d5ES SOMENTE ONLINE pelo link: https:\/\/docs.google.com\/forms\/d\/1VXqrjEhJb2MRVcDf3byhzUEoRg4eOa2jUYQNPvCwa4I\/edit<\/p>\n<p>Data das provas: 24\/11\/2017 Local: Salas do Curso de Letras<\/p>\n<p>Valor: R$80,00 (Boleto) Hor\u00e1rio:<\/p>\n<p>Provas de Ingl\u00eas &#8211; 8h \u00e0s 11h Provas de Espanhol e Franc\u00eas &#8211; 14h \u00e0s 17h<\/p>\n<p>Mais informa\u00e7\u00f5es:<\/p>\n<p>Secretaria do Projele \u2013 Tel: (67)3345-7645<\/p>\n<p>email: projele.faalc@ufms.br<\/p>\n<p>facebook: https:\/\/www.facebook.com\/pg\/Projele\/<\/p>\n<p>Site: https:\/\/projele.ufms.br<\/p>\n<p>&nbsp;<\/p>\n<p>COORDENA\u00c7\u00c3O DO MESTRADO EM COMUNICA\u00c7\u00c3O<\/p>\n","protected":false},"excerpt":{"rendered":"<p>Comprovante antecipado de sufici\u00eancia em L\u00edngua Estrangeira no momento da inscri\u00e7\u00e3o &#8211; Processo Seletivo 2018 O PROGRAMA DE P\u00d3S-GRADUA\u00c7\u00c3O EM COMUNICA\u00c7\u00c3O INFORMA AOS CANDIDATOS INTERESSADOS NO PROCESSO SELETIVO DO MESTRADO PARA 2018, QUE A\u00a0PROVA DE SUFICI\u00caNCIA EM IDIOMA ESTRANGEIRO SER\u00c1 REALIZADA NO DIA 24 DE NOVEMBRO DE 2017. Lembramos que o comprovante de sufici\u00eancia em [&hellip;]<\/p>\n","protected":false},"author":2223,"featured_media":0,"comment_status":"closed","ping_status":"closed","sticky":false,"template":"","format":"standard","meta":{"ngg_post_thumbnail":0,"footnotes":""},"categories":[5,1],"tags":[],"coauthors":[],"class_list":["post-1413","post","type-post","status-publish","format-standard","hentry","category-destaques","category-noticias"],"_links":{"self":[{"href":"https:\/\/ppgcom.ufms.br\/en\/wp-json\/wp\/v2\/posts\/1413","targetHints":{"allow":["GET"]}}],"collection":[{"href":"https:\/\/ppgcom.ufms.br\/en\/wp-json\/wp\/v2\/posts"}],"about":[{"href":"https:\/\/ppgcom.ufms.br\/en\/wp-json\/wp\/v2\/types\/post"}],"author":[{"embeddable":true,"href":"https:\/\/ppgcom.ufms.br\/en\/wp-json\/wp\/v2\/users\/2223"}],"replies":[{"embeddable":true,"href":"https:\/\/ppgcom.ufms.br\/en\/wp-json\/wp\/v2\/comments?post=1413"}],"version-history":[{"count":1,"href":"https:\/\/ppgcom.ufms.br\/en\/wp-json\/wp\/v2\/posts\/1413\/revisions"}],"predecessor-version":[{"id":1414,"href":"https:\/\/ppgcom.ufms.br\/en\/wp-json\/wp\/v2\/posts\/1413\/revisions\/1414"}],"wp:attachment":[{"href":"https:\/\/ppgcom.ufms.br\/en\/wp-json\/wp\/v2\/media?parent=1413"}],"wp:term":[{"taxonomy":"category","embeddable":true,"href":"https:\/\/ppgcom.ufms.br\/en\/wp-json\/wp\/v2\/categories?post=1413"},{"taxonomy":"post_tag","embeddable":true,"href":"https:\/\/ppgcom.ufms.br\/en\/wp-json\/wp\/v2\/tags?post=1413"},{"taxonomy":"author","embeddable":true,"href":"https:\/\/ppgcom.ufms.br\/en\/wp-json\/wp\/v2\/coauthors?post=1413"}],"curies":[{"name":"wp","href":"https:\/\/api.w.org\/{rel}","templated":true}]}}